{"id":164,"date":"2013-04-11T15:18:45","date_gmt":"2013-04-11T13:18:45","guid":{"rendered":"http:\/\/evg-osthessen.de\/?p=164"},"modified":"2013-06-18T23:03:57","modified_gmt":"2013-06-18T21:03:57","slug":"aufruf-zur-beteiligung","status":"publish","type":"post","link":"https:\/\/evg-osthessen.de\/?p=164","title":{"rendered":"Aufruf zur Beteiligung"},"content":{"rendered":"<p>Wer hat Lust mitzumachen bei einer \u201eWerbe-AG\u201c f\u00fcr die \u201eGelbe R\u00fcbe\u201c?<\/p>\n<p>Die gute Idee unseres Projektes soll n\u00e4mlich weiter getragen werden, weitere Familien, Wohngemeinschaften und Einzelpersonen d\u00fcrfen sich uns n\u00e4mlich anschlie\u00dfen.<\/p>\n<p>In den letzten Jahren sind eine Arbeitsstruktur und ein Sortiment entstanden, welche noch deutlich mehr Menschen vertragen k\u00f6nnen. Diese Menschen auf uns aufmerksam zu machen und zum Mitmachen zu motivieren ist Aufgabe der neuen AG.<\/p>\n<p>Interessenten wenden sich telefonisch an Martin von Mallinckrodt, Email: <a href=\"mailto:martin.vm@freenet.de\">martin.vm@freenet.de<\/a> oder Timo Schadt, Email: <a href=\"mailto:Schadt@printzip.de\">Schadt@printzip.de<\/a><\/p>\n<p>&nbsp;<\/p>\n<p>&nbsp;<\/p>\n","protected":false},"excerpt":{"rendered":"<p>Wer hat Lust mitzumachen bei einer \u201eWerbe-AG\u201c f\u00fcr die \u201eGelbe R\u00fcbe\u201c? Die gute Idee unseres Projektes soll n\u00e4mlich weiter getragen werden, weitere Familien, Wohngemeinschaften und Einzelpersonen d\u00fcrfen sich uns n\u00e4mlich anschlie\u00dfen. In den letzten Jahren sind eine Arbeitsstruktur und ein Sortiment entstanden, welche noch deutlich mehr Menschen vertragen k\u00f6nnen. Diese Menschen auf uns aufmerksam zu [&hellip;]<\/p>\n","protected":false},"author":1,"featured_media":0,"comment_status":"open","ping_status":"open","sticky":false,"template":"","format":"standard","meta":{"_et_pb_use_builder":"","_et_pb_old_content":"","_et_gb_content_width":"","_links_to":"","_links_to_target":""},"categories":[3],"tags":[43,9,41,42,40],"_links":{"self":[{"href":"https:\/\/evg-osthessen.de\/index.php?rest_route=\/wp\/v2\/posts\/164"}],"collection":[{"href":"https:\/\/evg-osthessen.de\/index.php?rest_route=\/wp\/v2\/posts"}],"about":[{"href":"https:\/\/evg-osthessen.de\/index.php?rest_route=\/wp\/v2\/types\/post"}],"author":[{"embeddable":true,"href":"https:\/\/evg-osthessen.de\/index.php?rest_route=\/wp\/v2\/users\/1"}],"replies":[{"embeddable":true,"href":"https:\/\/evg-osthessen.de\/index.php?rest_route=%2Fwp%2Fv2%2Fcomments&post=164"}],"version-history":[{"count":4,"href":"https:\/\/evg-osthessen.de\/index.php?rest_route=\/wp\/v2\/posts\/164\/revisions"}],"predecessor-version":[{"id":167,"href":"https:\/\/evg-osthessen.de\/index.php?rest_route=\/wp\/v2\/posts\/164\/revisions\/167"}],"wp:attachment":[{"href":"https:\/\/evg-osthessen.de\/index.php?rest_route=%2Fwp%2Fv2%2Fmedia&parent=164"}],"wp:term":[{"taxonomy":"category","embeddable":true,"href":"https:\/\/evg-osthessen.de\/index.php?rest_route=%2Fwp%2Fv2%2Fcategories&post=164"},{"taxonomy":"post_tag","embeddable":true,"href":"https:\/\/evg-osthessen.de\/index.php?rest_route=%2Fwp%2Fv2%2Ftags&post=164"}],"curies":[{"name":"wp","href":"https:\/\/api.w.org\/{rel}","templated":true}]}}