{"id":359,"date":"2014-04-08T12:45:17","date_gmt":"2014-04-08T10:45:17","guid":{"rendered":"http:\/\/evg-osthessen.de\/?p=359"},"modified":"2014-04-08T12:45:17","modified_gmt":"2014-04-08T10:45:17","slug":"hoffest-am-sonntag","status":"publish","type":"post","link":"https:\/\/evg-osthessen.de\/?p=359","title":{"rendered":"Hoffest am Sonntag"},"content":{"rendered":"<p>Vergangenen Sonntag fand unser Hoffest statt, zu dem alle Interessierten, Mitglieder und Freunde herzlich eingeladen waren.<\/p>\n<p>Es war ein sch\u00f6ner Tag, das Wetter war uns wohl gesonnen und wir hatten jede Menge Spa\u00df mit allen Anwesenden. Bei leckeren Snacks (nicht nur) aus dem Sortiment der Gelben R\u00fcbe hatten alle Anwesenden einen lauschigen Aufenthalt, was man auf den Bilder gut sehen kann. Es gab interessante Gespr\u00e4che und neue Bekannschaften wurden gekn\u00fcpft, was ja nat\u00fcrlich auch immer mit so einem bezweckt werden soll. Viel Spa\u00df beim Anschauen unserer Galerie.<\/p>\n\n\t\t<style type=\"text\/css\">\n\t\t\t#gallery-1 {\n\t\t\t\tmargin: auto;\n\t\t\t}\n\t\t\t#gallery-1 .gallery-item {\n\t\t\t\tfloat: left;\n\t\t\t\tmargin-top: 10px;\n\t\t\t\ttext-align: center;\n\t\t\t\twidth: 33%;\n\t\t\t}\n\t\t\t#gallery-1 img {\n\t\t\t\tborder: 2px solid #cfcfcf;\n\t\t\t}\n\t\t\t#gallery-1 .gallery-caption {\n\t\t\t\tmargin-left: 0;\n\t\t\t}\n\t\t\t\/* see gallery_shortcode() in wp-includes\/media.php *\/\n\t\t<\/style>\n\t\t<div id='gallery-1' class='gallery galleryid-359 gallery-columns-3 gallery-size-thumbnail'><dl class='gallery-item'>\n\t\t\t<dt class='gallery-icon landscape'>\n\t\t\t\t<a href='https:\/\/evg-osthessen.de\/wp-content\/uploads\/2014\/04\/DSC0197.jpg'><img width=\"150\" height=\"150\" src=\"https:\/\/evg-osthessen.de\/wp-content\/uploads\/2014\/04\/DSC0197-150x150.jpg\" class=\"attachment-thumbnail size-thumbnail\" alt=\"\" loading=\"lazy\" \/><\/a>\n\t\t\t<\/dt><\/dl><dl class='gallery-item'>\n\t\t\t<dt class='gallery-icon landscape'>\n\t\t\t\t<a href='https:\/\/evg-osthessen.de\/wp-content\/uploads\/2014\/04\/DSC0111.jpg'><img width=\"150\" height=\"150\" src=\"https:\/\/evg-osthessen.de\/wp-content\/uploads\/2014\/04\/DSC0111-150x150.jpg\" class=\"attachment-thumbnail size-thumbnail\" alt=\"\" loading=\"lazy\" \/><\/a>\n\t\t\t<\/dt><\/dl><dl class='gallery-item'>\n\t\t\t<dt class='gallery-icon landscape'>\n\t\t\t\t<a href='https:\/\/evg-osthessen.de\/wp-content\/uploads\/2014\/04\/DSC0112.jpg'><img width=\"150\" height=\"150\" src=\"https:\/\/evg-osthessen.de\/wp-content\/uploads\/2014\/04\/DSC0112-150x150.jpg\" class=\"attachment-thumbnail size-thumbnail\" alt=\"\" loading=\"lazy\" \/><\/a>\n\t\t\t<\/dt><\/dl><br style=\"clear: both\" \/><dl class='gallery-item'>\n\t\t\t<dt class='gallery-icon landscape'>\n\t\t\t\t<a href='https:\/\/evg-osthessen.de\/wp-content\/uploads\/2014\/04\/DSC0113.jpg'><img width=\"150\" height=\"150\" src=\"https:\/\/evg-osthessen.de\/wp-content\/uploads\/2014\/04\/DSC0113-150x150.jpg\" class=\"attachment-thumbnail size-thumbnail\" alt=\"\" loading=\"lazy\" \/><\/a>\n\t\t\t<\/dt><\/dl><dl class='gallery-item'>\n\t\t\t<dt class='gallery-icon landscape'>\n\t\t\t\t<a href='https:\/\/evg-osthessen.de\/wp-content\/uploads\/2014\/04\/DSC0123.jpg'><img width=\"150\" height=\"150\" src=\"https:\/\/evg-osthessen.de\/wp-content\/uploads\/2014\/04\/DSC0123-150x150.jpg\" class=\"attachment-thumbnail size-thumbnail\" alt=\"\" loading=\"lazy\" \/><\/a>\n\t\t\t<\/dt><\/dl><dl class='gallery-item'>\n\t\t\t<dt class='gallery-icon portrait'>\n\t\t\t\t<a href='https:\/\/evg-osthessen.de\/wp-content\/uploads\/2014\/04\/DSC0127.jpg'><img width=\"150\" height=\"150\" src=\"https:\/\/evg-osthessen.de\/wp-content\/uploads\/2014\/04\/DSC0127-150x150.jpg\" class=\"attachment-thumbnail size-thumbnail\" alt=\"\" loading=\"lazy\" \/><\/a>\n\t\t\t<\/dt><\/dl><br style=\"clear: both\" \/><dl class='gallery-item'>\n\t\t\t<dt class='gallery-icon landscape'>\n\t\t\t\t<a href='https:\/\/evg-osthessen.de\/wp-content\/uploads\/2014\/04\/DSC0129.jpg'><img width=\"150\" height=\"150\" src=\"https:\/\/evg-osthessen.de\/wp-content\/uploads\/2014\/04\/DSC0129-150x150.jpg\" class=\"attachment-thumbnail size-thumbnail\" alt=\"\" loading=\"lazy\" \/><\/a>\n\t\t\t<\/dt><\/dl><dl class='gallery-item'>\n\t\t\t<dt class='gallery-icon landscape'>\n\t\t\t\t<a href='https:\/\/evg-osthessen.de\/wp-content\/uploads\/2014\/04\/DSC0130.jpg'><img width=\"150\" height=\"150\" src=\"https:\/\/evg-osthessen.de\/wp-content\/uploads\/2014\/04\/DSC0130-150x150.jpg\" class=\"attachment-thumbnail size-thumbnail\" alt=\"\" loading=\"lazy\" \/><\/a>\n\t\t\t<\/dt><\/dl><dl class='gallery-item'>\n\t\t\t<dt class='gallery-icon portrait'>\n\t\t\t\t<a href='https:\/\/evg-osthessen.de\/wp-content\/uploads\/2014\/04\/DSC0137.jpg'><img width=\"150\" height=\"150\" src=\"https:\/\/evg-osthessen.de\/wp-content\/uploads\/2014\/04\/DSC0137-150x150.jpg\" class=\"attachment-thumbnail size-thumbnail\" alt=\"\" loading=\"lazy\" \/><\/a>\n\t\t\t<\/dt><\/dl><br style=\"clear: both\" \/><dl class='gallery-item'>\n\t\t\t<dt class='gallery-icon landscape'>\n\t\t\t\t<a href='https:\/\/evg-osthessen.de\/wp-content\/uploads\/2014\/04\/DSC0138.jpg'><img width=\"150\" height=\"150\" src=\"https:\/\/evg-osthessen.de\/wp-content\/uploads\/2014\/04\/DSC0138-150x150.jpg\" class=\"attachment-thumbnail size-thumbnail\" alt=\"\" loading=\"lazy\" \/><\/a>\n\t\t\t<\/dt><\/dl><dl class='gallery-item'>\n\t\t\t<dt class='gallery-icon portrait'>\n\t\t\t\t<a href='https:\/\/evg-osthessen.de\/wp-content\/uploads\/2014\/04\/DSC0147.jpg'><img width=\"150\" height=\"150\" src=\"https:\/\/evg-osthessen.de\/wp-content\/uploads\/2014\/04\/DSC0147-150x150.jpg\" class=\"attachment-thumbnail size-thumbnail\" alt=\"\" loading=\"lazy\" \/><\/a>\n\t\t\t<\/dt><\/dl><dl class='gallery-item'>\n\t\t\t<dt class='gallery-icon landscape'>\n\t\t\t\t<a href='https:\/\/evg-osthessen.de\/wp-content\/uploads\/2014\/04\/DSC0148.jpg'><img width=\"150\" height=\"150\" src=\"https:\/\/evg-osthessen.de\/wp-content\/uploads\/2014\/04\/DSC0148-150x150.jpg\" class=\"attachment-thumbnail size-thumbnail\" alt=\"\" loading=\"lazy\" \/><\/a>\n\t\t\t<\/dt><\/dl><br style=\"clear: both\" \/><dl class='gallery-item'>\n\t\t\t<dt class='gallery-icon landscape'>\n\t\t\t\t<a href='https:\/\/evg-osthessen.de\/wp-content\/uploads\/2014\/04\/DSC0149.jpg'><img width=\"150\" height=\"150\" src=\"https:\/\/evg-osthessen.de\/wp-content\/uploads\/2014\/04\/DSC0149-150x150.jpg\" class=\"attachment-thumbnail size-thumbnail\" alt=\"\" loading=\"lazy\" \/><\/a>\n\t\t\t<\/dt><\/dl><dl class='gallery-item'>\n\t\t\t<dt class='gallery-icon landscape'>\n\t\t\t\t<a href='https:\/\/evg-osthessen.de\/wp-content\/uploads\/2014\/04\/DSC0151.jpg'><img width=\"150\" height=\"150\" src=\"https:\/\/evg-osthessen.de\/wp-content\/uploads\/2014\/04\/DSC0151-150x150.jpg\" class=\"attachment-thumbnail size-thumbnail\" alt=\"\" loading=\"lazy\" \/><\/a>\n\t\t\t<\/dt><\/dl><dl class='gallery-item'>\n\t\t\t<dt class='gallery-icon landscape'>\n\t\t\t\t<a href='https:\/\/evg-osthessen.de\/wp-content\/uploads\/2014\/04\/DSC0157.jpg'><img width=\"150\" height=\"150\" src=\"https:\/\/evg-osthessen.de\/wp-content\/uploads\/2014\/04\/DSC0157-150x150.jpg\" class=\"attachment-thumbnail size-thumbnail\" alt=\"\" loading=\"lazy\" \/><\/a>\n\t\t\t<\/dt><\/dl><br style=\"clear: both\" \/><dl class='gallery-item'>\n\t\t\t<dt class='gallery-icon portrait'>\n\t\t\t\t<a href='https:\/\/evg-osthessen.de\/wp-content\/uploads\/2014\/04\/DSC0159.jpg'><img width=\"150\" height=\"150\" src=\"https:\/\/evg-osthessen.de\/wp-content\/uploads\/2014\/04\/DSC0159-150x150.jpg\" class=\"attachment-thumbnail size-thumbnail\" alt=\"\" loading=\"lazy\" \/><\/a>\n\t\t\t<\/dt><\/dl><dl class='gallery-item'>\n\t\t\t<dt class='gallery-icon portrait'>\n\t\t\t\t<a href='https:\/\/evg-osthessen.de\/wp-content\/uploads\/2014\/04\/DSC0161.jpg'><img width=\"150\" height=\"150\" src=\"https:\/\/evg-osthessen.de\/wp-content\/uploads\/2014\/04\/DSC0161-150x150.jpg\" class=\"attachment-thumbnail size-thumbnail\" alt=\"\" loading=\"lazy\" \/><\/a>\n\t\t\t<\/dt><\/dl><dl class='gallery-item'>\n\t\t\t<dt class='gallery-icon portrait'>\n\t\t\t\t<a href='https:\/\/evg-osthessen.de\/wp-content\/uploads\/2014\/04\/DSC0164.jpg'><img width=\"150\" height=\"150\" src=\"https:\/\/evg-osthessen.de\/wp-content\/uploads\/2014\/04\/DSC0164-150x150.jpg\" class=\"attachment-thumbnail size-thumbnail\" alt=\"\" loading=\"lazy\" \/><\/a>\n\t\t\t<\/dt><\/dl><br style=\"clear: both\" \/><dl class='gallery-item'>\n\t\t\t<dt class='gallery-icon portrait'>\n\t\t\t\t<a href='https:\/\/evg-osthessen.de\/wp-content\/uploads\/2014\/04\/DSC0172.jpg'><img width=\"150\" height=\"150\" src=\"https:\/\/evg-osthessen.de\/wp-content\/uploads\/2014\/04\/DSC0172-150x150.jpg\" class=\"attachment-thumbnail size-thumbnail\" alt=\"\" loading=\"lazy\" \/><\/a>\n\t\t\t<\/dt><\/dl><dl class='gallery-item'>\n\t\t\t<dt class='gallery-icon landscape'>\n\t\t\t\t<a href='https:\/\/evg-osthessen.de\/wp-content\/uploads\/2014\/04\/DSC0176.jpg'><img width=\"150\" height=\"150\" src=\"https:\/\/evg-osthessen.de\/wp-content\/uploads\/2014\/04\/DSC0176-150x150.jpg\" class=\"attachment-thumbnail size-thumbnail\" alt=\"\" loading=\"lazy\" \/><\/a>\n\t\t\t<\/dt><\/dl><dl class='gallery-item'>\n\t\t\t<dt class='gallery-icon landscape'>\n\t\t\t\t<a href='https:\/\/evg-osthessen.de\/wp-content\/uploads\/2014\/04\/DSC0179.jpg'><img width=\"150\" height=\"150\" src=\"https:\/\/evg-osthessen.de\/wp-content\/uploads\/2014\/04\/DSC0179-150x150.jpg\" class=\"attachment-thumbnail size-thumbnail\" alt=\"\" loading=\"lazy\" \/><\/a>\n\t\t\t<\/dt><\/dl><br style=\"clear: both\" \/><dl class='gallery-item'>\n\t\t\t<dt class='gallery-icon landscape'>\n\t\t\t\t<a href='https:\/\/evg-osthessen.de\/wp-content\/uploads\/2014\/04\/DSC0182.jpg'><img width=\"150\" height=\"150\" src=\"https:\/\/evg-osthessen.de\/wp-content\/uploads\/2014\/04\/DSC0182-150x150.jpg\" class=\"attachment-thumbnail size-thumbnail\" alt=\"\" loading=\"lazy\" \/><\/a>\n\t\t\t<\/dt><\/dl><dl class='gallery-item'>\n\t\t\t<dt class='gallery-icon landscape'>\n\t\t\t\t<a href='https:\/\/evg-osthessen.de\/wp-content\/uploads\/2014\/04\/DSC0187.jpg'><img width=\"150\" height=\"150\" src=\"https:\/\/evg-osthessen.de\/wp-content\/uploads\/2014\/04\/DSC0187-150x150.jpg\" class=\"attachment-thumbnail size-thumbnail\" alt=\"\" loading=\"lazy\" \/><\/a>\n\t\t\t<\/dt><\/dl><dl class='gallery-item'>\n\t\t\t<dt class='gallery-icon landscape'>\n\t\t\t\t<a href='https:\/\/evg-osthessen.de\/wp-content\/uploads\/2014\/04\/DSC0193.jpg'><img width=\"150\" height=\"150\" src=\"https:\/\/evg-osthessen.de\/wp-content\/uploads\/2014\/04\/DSC0193-150x150.jpg\" class=\"attachment-thumbnail size-thumbnail\" alt=\"\" loading=\"lazy\" \/><\/a>\n\t\t\t<\/dt><\/dl><br style=\"clear: both\" \/>\n\t\t<\/div>\n\n","protected":false},"excerpt":{"rendered":"<p>Vergangenen Sonntag fand unser Hoffest statt, zu dem alle Interessierten, Mitglieder und Freunde herzlich eingeladen waren. Es war ein sch\u00f6ner Tag, das Wetter war uns wohl gesonnen und wir hatten jede Menge Spa\u00df mit allen Anwesenden. Bei leckeren Snacks (nicht nur) aus dem Sortiment der Gelben R\u00fcbe hatten alle Anwesenden einen lauschigen Aufenthalt, was man [&hellip;]<\/p>\n","protected":false},"author":1,"featured_media":0,"comment_status":"open","ping_status":"open","sticky":false,"template":"","format":"standard","meta":{"_et_pb_use_builder":"","_et_pb_old_content":"","_et_gb_content_width":"","_links_to":"","_links_to_target":""},"categories":[11],"tags":[79,78,80,81,90,60,82],"_links":{"self":[{"href":"https:\/\/evg-osthessen.de\/index.php?rest_route=\/wp\/v2\/posts\/359"}],"collection":[{"href":"https:\/\/evg-osthessen.de\/index.php?rest_route=\/wp\/v2\/posts"}],"about":[{"href":"https:\/\/evg-osthessen.de\/index.php?rest_route=\/wp\/v2\/types\/post"}],"author":[{"embeddable":true,"href":"https:\/\/evg-osthessen.de\/index.php?rest_route=\/wp\/v2\/users\/1"}],"replies":[{"embeddable":true,"href":"https:\/\/evg-osthessen.de\/index.php?rest_route=%2Fwp%2Fv2%2Fcomments&post=359"}],"version-history":[{"count":2,"href":"https:\/\/evg-osthessen.de\/index.php?rest_route=\/wp\/v2\/posts\/359\/revisions"}],"predecessor-version":[{"id":385,"href":"https:\/\/evg-osthessen.de\/index.php?rest_route=\/wp\/v2\/posts\/359\/revisions\/385"}],"wp:attachment":[{"href":"https:\/\/evg-osthessen.de\/index.php?rest_route=%2Fwp%2Fv2%2Fmedia&parent=359"}],"wp:term":[{"taxonomy":"category","embeddable":true,"href":"https:\/\/evg-osthessen.de\/index.php?rest_route=%2Fwp%2Fv2%2Fcategories&post=359"},{"taxonomy":"post_tag","embeddable":true,"href":"https:\/\/evg-osthessen.de\/index.php?rest_route=%2Fwp%2Fv2%2Ftags&post=359"}],"curies":[{"name":"wp","href":"https:\/\/api.w.org\/{rel}","templated":true}]}}